{"id":651,"date":"2026-04-20T08:02:00","date_gmt":"2026-04-20T06:02:00","guid":{"rendered":"https:\/\/ogrodnik.e-glubczyce.pl\/?p=651"},"modified":"2026-04-19T23:06:25","modified_gmt":"2026-04-19T21:06:25","slug":"nowy-sezon-z-pelnym-bakiem-promocja-cub-cadet","status":"publish","type":"post","link":"https:\/\/ogrodnik.e-glubczyce.pl\/?p=651","title":{"rendered":"Nowy sezon z pe\u0142nym bakiem \u2013 promocja Cub Cadet"},"content":{"rendered":"\n<p>Marka <strong>Cub Cadet<\/strong> przygotowa\u0142a wyj\u0105tkow\u0105 promocj\u0119 dla os\u00f3b planuj\u0105cych zakup traktora ogrodowego. Przy zakupie <strong>wybranego traktora z serii LT<\/strong> i jego <strong>zarejestrowaniu<\/strong>, klient mo\u017ce otrzyma\u0107 <strong>kart\u0119 paliwow\u0105 Orlen<\/strong>.<\/p>\n\n\n\n<figure class=\"wp-block-image size-large\"><img loading=\"lazy\" decoding=\"async\" width=\"1024\" height=\"372\" src=\"https:\/\/ogrodnik.e-glubczyce.pl\/wp-content\/uploads\/2026\/04\/CUB-CADET-1280X465_-1024x372.jpg\" alt=\"\" class=\"wp-image-652\" srcset=\"https:\/\/ogrodnik.e-glubczyce.pl\/wp-content\/uploads\/2026\/04\/CUB-CADET-1280X465_-1024x372.jpg 1024w, https:\/\/ogrodnik.e-glubczyce.pl\/wp-content\/uploads\/2026\/04\/CUB-CADET-1280X465_-300x109.jpg 300w, https:\/\/ogrodnik.e-glubczyce.pl\/wp-content\/uploads\/2026\/04\/CUB-CADET-1280X465_-768x279.jpg 768w, https:\/\/ogrodnik.e-glubczyce.pl\/wp-content\/uploads\/2026\/04\/CUB-CADET-1280X465_.jpg 1280w\" sizes=\"auto, (max-width: 1024px) 100vw, 1024px\" \/><\/figure>\n\n\n\n<p>Promocja obowi\u0105zuje w terminie:<\/p>\n\n\n\n<ul class=\"wp-block-list\">\n<li>Zakupy: <strong>15.04.2026 \u2013 15.06.2026<\/strong><\/li>\n\n\n\n<li>Rejestracja zakupu: do <strong>30.06.2026<\/strong><\/li>\n<\/ul>\n\n\n\n<p>Aby skorzysta\u0107 z promocji:<\/p>\n\n\n\n<ol class=\"wp-block-list\">\n<li>Kup wybrany traktor z serii LT u autoryzowanego dealera Cub Cadet.<\/li>\n\n\n\n<li>Zarejestruj zakup na stronie promocyjnej Cub Cadet: <a href=\"https:\/\/www.promocja-cubcadet.pl\">NOWY SEZON Z PE\u0141NYM BAKIEM<\/a>.<\/li>\n\n\n\n<li>Sprawd\u017a dost\u0119pno\u015b\u0107 kart \u2013 pula jest ograniczona, suwak dost\u0119pno\u015bci znajduje si\u0119 na stronie promocji.<\/li>\n<\/ol>\n\n\n\n<p>Ta oferta to doskona\u0142a okazja, aby rozpocz\u0105\u0107 sezon ogrodowy z wydajnym traktorem i <strong>pe\u0142nym bakiem<\/strong> paliwa do pierwszych prac w ogrodzie.<\/p>\n\n\n\n<p>\ud83d\udccd Pami\u0119taj, \u017ce promocja obowi\u0105zuje tylko u wybranych dealer\u00f3w \u2013 <a href=\"https:\/\/ogrodnik.e-glubczyce.pl\/?page_id=9\" target=\"_blank\" rel=\"noopener\" title=\"Kontakt\">zapraszamy do odwiedzenia naszego sklepu<\/a> &#8211; autoryzowanego partnera Cub Cadet<\/p>\n","protected":false},"excerpt":{"rendered":"<p>Marka Cub Cadet przygotowa\u0142a wyj\u0105tkow\u0105 promocj\u0119 dla os\u00f3b planuj\u0105cych zakup traktora ogrodowego. Przy zakupie wybranego traktora z serii LT i jego zarejestrowaniu, klient mo\u017ce otrzyma\u0107 kart\u0119 paliwow\u0105 Orlen. Promocja obowi\u0105zuje w terminie: Aby skorzysta\u0107 z promocji: Ta oferta to doskona\u0142a okazja, aby rozpocz\u0105\u0107 sezon ogrodowy z wydajnym traktorem i pe\u0142nym bakiem paliwa do pierwszych prac&hellip;&nbsp;<a href=\"https:\/\/ogrodnik.e-glubczyce.pl\/?p=651\" rel=\"bookmark\">Dowiedz si\u0119 wi\u0119cej &raquo;<span class=\"screen-reader-text\">Nowy sezon z pe\u0142nym bakiem \u2013 promocja Cub Cadet<\/span><\/a><\/p>\n","protected":false},"author":1,"featured_media":652,"comment_status":"open","ping_status":"open","sticky":false,"template":"","format":"standard","meta":{"om_disable_all_campaigns":false,"_uag_custom_page_level_css":"","_monsterinsights_skip_tracking":false,"_monsterinsights_sitenote_active":false,"_monsterinsights_sitenote_note":"","_monsterinsights_sitenote_category":0,"neve_meta_sidebar":"","neve_meta_container":"","neve_meta_enable_content_width":"","neve_meta_content_width":0,"neve_meta_title_alignment":"","neve_meta_author_avatar":"","neve_post_elements_order":"","neve_meta_disable_header":"","neve_meta_disable_footer":"","neve_meta_disable_title":"","footnotes":""},"categories":[9,7],"tags":[106,427,420,328,424,422,426,421,16,21,423,425],"class_list":["post-651","post","type-post","status-publish","format-standard","has-post-thumbnail","hentry","category-aktualnosci","category-sprzet-ogrodniczy","tag-cub-cadet","tag-dealer-lokalny","tag-karta-paliwowa","tag-maszyny-ogrodowe","tag-oferta-promocyjna","tag-orlen","tag-powiat-glubczycki","tag-promocja-cub-cadet","tag-sklep-ogrodnik","tag-sprzet-ogrodniczy","tag-traktory-ogrodowe-lt","tag-wiosenny-sezon"],"aioseo_notices":[],"uagb_featured_image_src":{"full":["https:\/\/ogrodnik.e-glubczyce.pl\/wp-content\/uploads\/2026\/04\/CUB-CADET-1280X465_.jpg",1280,465,false],"thumbnail":["https:\/\/ogrodnik.e-glubczyce.pl\/wp-content\/uploads\/2026\/04\/CUB-CADET-1280X465_-150x150.jpg",150,150,true],"medium":["https:\/\/ogrodnik.e-glubczyce.pl\/wp-content\/uploads\/2026\/04\/CUB-CADET-1280X465_-300x109.jpg",300,109,true],"medium_large":["https:\/\/ogrodnik.e-glubczyce.pl\/wp-content\/uploads\/2026\/04\/CUB-CADET-1280X465_-768x279.jpg",768,279,true],"large":["https:\/\/ogrodnik.e-glubczyce.pl\/wp-content\/uploads\/2026\/04\/CUB-CADET-1280X465_-1024x372.jpg",1024,372,true],"1536x1536":["https:\/\/ogrodnik.e-glubczyce.pl\/wp-content\/uploads\/2026\/04\/CUB-CADET-1280X465_.jpg",1280,465,false],"2048x2048":["https:\/\/ogrodnik.e-glubczyce.pl\/wp-content\/uploads\/2026\/04\/CUB-CADET-1280X465_.jpg",1280,465,false],"neve-blog":["https:\/\/ogrodnik.e-glubczyce.pl\/wp-content\/uploads\/2026\/04\/CUB-CADET-1280X465_-930x465.jpg",930,465,true]},"uagb_author_info":{"display_name":"admin","author_link":"https:\/\/ogrodnik.e-glubczyce.pl\/?author=1"},"uagb_comment_info":0,"uagb_excerpt":"Marka Cub Cadet przygotowa\u0142a wyj\u0105tkow\u0105 promocj\u0119 dla os\u00f3b planuj\u0105cych zakup traktora ogrodowego. Przy zakupie wybranego traktora z serii LT i jego zarejestrowaniu, klient mo\u017ce otrzyma\u0107 kart\u0119 paliwow\u0105 Orlen. Promocja obowi\u0105zuje w terminie: Aby skorzysta\u0107 z promocji: Ta oferta to doskona\u0142a okazja, aby rozpocz\u0105\u0107 sezon ogrodowy z wydajnym traktorem i pe\u0142nym bakiem paliwa do pierwszych prac&hellip;&nbsp;Dowiedz&hellip;","_links":{"self":[{"href":"https:\/\/ogrodnik.e-glubczyce.pl\/index.php?rest_route=\/wp\/v2\/posts\/651","targetHints":{"allow":["GET"]}}],"collection":[{"href":"https:\/\/ogrodnik.e-glubczyce.pl\/index.php?rest_route=\/wp\/v2\/posts"}],"about":[{"href":"https:\/\/ogrodnik.e-glubczyce.pl\/index.php?rest_route=\/wp\/v2\/types\/post"}],"author":[{"embeddable":true,"href":"https:\/\/ogrodnik.e-glubczyce.pl\/index.php?rest_route=\/wp\/v2\/users\/1"}],"replies":[{"embeddable":true,"href":"https:\/\/ogrodnik.e-glubczyce.pl\/index.php?rest_route=%2Fwp%2Fv2%2Fcomments&post=651"}],"version-history":[{"count":1,"href":"https:\/\/ogrodnik.e-glubczyce.pl\/index.php?rest_route=\/wp\/v2\/posts\/651\/revisions"}],"predecessor-version":[{"id":653,"href":"https:\/\/ogrodnik.e-glubczyce.pl\/index.php?rest_route=\/wp\/v2\/posts\/651\/revisions\/653"}],"wp:featuredmedia":[{"embeddable":true,"href":"https:\/\/ogrodnik.e-glubczyce.pl\/index.php?rest_route=\/wp\/v2\/media\/652"}],"wp:attachment":[{"href":"https:\/\/ogrodnik.e-glubczyce.pl\/index.php?rest_route=%2Fwp%2Fv2%2Fmedia&parent=651"}],"wp:term":[{"taxonomy":"category","embeddable":true,"href":"https:\/\/ogrodnik.e-glubczyce.pl\/index.php?rest_route=%2Fwp%2Fv2%2Fcategories&post=651"},{"taxonomy":"post_tag","embeddable":true,"href":"https:\/\/ogrodnik.e-glubczyce.pl\/index.php?rest_route=%2Fwp%2Fv2%2Ftags&post=651"}],"curies":[{"name":"wp","href":"https:\/\/api.w.org\/{rel}","templated":true}]}}